{"id":7240,"date":"2020-01-24T15:19:36","date_gmt":"2020-01-24T15:19:36","guid":{"rendered":"http:\/\/www.withladyjoe.com\/?p=7240"},"modified":"2023-02-22T12:20:56","modified_gmt":"2023-02-22T12:20:56","slug":"jerome-banctel-au-gabriel-a-la-reserve-paris","status":"publish","type":"post","link":"https:\/\/www.withladyjoe.com\/en\/2020\/01\/24\/jerome-banctel-au-gabriel-a-la-reserve-paris\/","title":{"rendered":"J\u00e9r\u00f4me Banctel at Le Gabriel, at La R\u00e9serve Paris"},"content":{"rendered":"<p>I was lucky to meet the chef\u00a0<a href=\"https:\/\/www.lareserve-paris.com\/fr\/actualites\/le-chef\/\" target=\"_blank\" rel=\"noopener noreferrer\"><strong>J\u00e9r\u00f4me Banctel<\/strong><\/a>\u00a0at\u00a0<a href=\"https:\/\/www.lareserve-paris.com\/fr\/hotel-5-etoile-paris-palace\/\" target=\"_blank\" rel=\"noopener noreferrer\"><strong>La R\u00e9serve Paris<\/strong><\/a> for a 2 Michelin star testing, and this time a vegetarian menu in his restaurant,\u00a0<strong><a href=\"https:\/\/www.lareserve-paris.com\/fr\/hotel-5-etoile-paris-palace\/presentation\/restaurant-gastronomique\/restaurant-le-gabriel\/\" target=\"_blank\" rel=\"noopener noreferrer\">Le Gabriel.<\/a><\/strong><\/p>\n<p class=\"responsive-video-wrap clr\"><iframe title=\"J\u00c9R\u00d4ME BANCTEL LE GABRIEL \u00c0 LA R\u00c9SERVE PARIS\" width=\"1200\" height=\"675\" src=\"https:\/\/www.youtube.com\/embed\/YgRSU1htAwA?feature=oembed\" frameborder=\"0\" allow=\"accelerometer; autoplay; clipboard-write; encrypted-media; gyroscope; picture-in-picture; web-share\" allowfullscreen><\/iframe><\/p>\n","protected":false},"excerpt":{"rendered":"<p>I was lucky to meet the chef\u00a0J\u00e9r\u00f4me Banctel\u00a0at\u00a0La R\u00e9serve Paris for a 2 Michelin star testing, and this time a vegetarian menu in his restaurant,\u00a0Le Gabriel.<\/p>\n","protected":false},"author":1,"featured_media":7239,"comment_status":"open","ping_status":"open","sticky":true,"template":"","format":"video","meta":{"footnotes":""},"categories":[268],"tags":[387,389,375,385,383,384,386,391,390,392,388],"yoast_head":"<!-- This site is optimized with the Yoast SEO plugin v22.2 - https:\/\/yoast.com\/wordpress\/plugins\/seo\/ -->\n<title>J\u00e9r\u00f4me Banctel at Le Gabriel, at La R\u00e9serve Paris - With Ladyjoe<\/title>\n<meta name=\"description\" content=\"J&#039;ai eu la chance de rencontrer le chef J\u00e9r\u00f4me Banctel \u00e0 La R\u00e9serve Paris pour une d\u00e9gustation cette fois-ci v\u00e9g\u00e9tarienne dans son restaurant Le Gabriel.\" \/>\n<meta name=\"robots\" content=\"index, follow, max-snippet:-1, max-image-preview:large, max-video-preview:-1\" \/>\n<link rel=\"canonical\" href=\"https:\/\/www.withladyjoe.com\/2020\/01\/24\/jerome-banctel-au-gabriel-a-la-reserve-paris\/\" \/>\n<meta property=\"og:locale\" content=\"en_US\" \/>\n<meta property=\"og:type\" content=\"article\" \/>\n<meta property=\"og:title\" content=\"J\u00e9r\u00f4me Banctel at Le Gabriel, at La R\u00e9serve Paris\" \/>\n<meta property=\"og:description\" content=\"J&#039;ai eu la chance de rencontrer le chef J\u00e9r\u00f4me Banctel \u00e0 La R\u00e9serve Paris pour une d\u00e9gustation cette fois-ci v\u00e9g\u00e9tarienne dans son restaurant Le Gabriel.\" \/>\n<meta property=\"og:url\" content=\"https:\/\/www.withladyjoe.com\/2020\/01\/24\/jerome-banctel-au-gabriel-a-la-reserve-paris\/\" \/>\n<meta property=\"og:site_name\" content=\"With Ladyjoe\" \/>\n<meta property=\"article:published_time\" content=\"2020-01-24T15:19:36+00:00\" \/>\n<meta property=\"article:modified_time\" content=\"2023-02-22T12:20:56+00:00\" \/>\n<meta property=\"og:image\" content=\"https:\/\/www.withladyjoe.com\/wp-content\/uploads\/2020\/01\/J\u00e9r\u00f4me-Banctel-La-R\u00e9serve-Paris-Le-Gabriel-scaled.jpg\" \/>\n\t<meta property=\"og:image:width\" content=\"1709\" \/>\n\t<meta property=\"og:image:height\" content=\"2560\" \/>\n\t<meta property=\"og:image:type\" content=\"image\/jpeg\" \/>\n<meta name=\"author\" content=\"Ladyjoe\" \/>\n<meta name=\"twitter:card\" content=\"summary_large_image\" \/>\n<meta name=\"twitter:label1\" content=\"Written by\" \/>\n\t<meta name=\"twitter:data1\" content=\"Ladyjoe\" \/>\n\t<meta name=\"twitter:label2\" content=\"Est. reading time\" \/>\n\t<meta name=\"twitter:data2\" content=\"1 minute\" \/>\n<script type=\"application\/ld+json\" class=\"yoast-schema-graph\">{\"@context\":\"https:\/\/schema.org\",\"@graph\":[{\"@type\":\"WebPage\",\"@id\":\"https:\/\/www.withladyjoe.com\/2020\/01\/24\/jerome-banctel-au-gabriel-a-la-reserve-paris\/\",\"url\":\"https:\/\/www.withladyjoe.com\/2020\/01\/24\/jerome-banctel-au-gabriel-a-la-reserve-paris\/\",\"name\":\"[:en]J\u00e9r\u00f4me Banctel at Le Gabriel, at La R\u00e9serve Paris[:fr]J\u00e9r\u00f4me Banctel au Gabriel, \u00e0 La R\u00e9serve Paris[:] - With Ladyjoe\",\"isPartOf\":{\"@id\":\"https:\/\/www.withladyjoe.com\/#website\"},\"primaryImageOfPage\":{\"@id\":\"https:\/\/www.withladyjoe.com\/2020\/01\/24\/jerome-banctel-au-gabriel-a-la-reserve-paris\/#primaryimage\"},\"image\":{\"@id\":\"https:\/\/www.withladyjoe.com\/2020\/01\/24\/jerome-banctel-au-gabriel-a-la-reserve-paris\/#primaryimage\"},\"thumbnailUrl\":\"https:\/\/www.withladyjoe.com\/wp-content\/uploads\/2020\/01\/J\u00e9r\u00f4me-Banctel-La-R\u00e9serve-Paris-Le-Gabriel-scaled.jpg\",\"datePublished\":\"2020-01-24T15:19:36+00:00\",\"dateModified\":\"2023-02-22T12:20:56+00:00\",\"author\":{\"@id\":\"https:\/\/www.withladyjoe.com\/#\/schema\/person\/91a8a9855824c79d676eb97711a4d0fc\"},\"description\":\"J'ai eu la chance de rencontrer le chef J\u00e9r\u00f4me Banctel \u00e0 La R\u00e9serve Paris pour une d\u00e9gustation cette fois-ci v\u00e9g\u00e9tarienne dans son restaurant Le Gabriel.\",\"breadcrumb\":{\"@id\":\"https:\/\/www.withladyjoe.com\/2020\/01\/24\/jerome-banctel-au-gabriel-a-la-reserve-paris\/#breadcrumb\"},\"inLanguage\":\"en-US\",\"potentialAction\":[{\"@type\":\"ReadAction\",\"target\":[\"https:\/\/www.withladyjoe.com\/2020\/01\/24\/jerome-banctel-au-gabriel-a-la-reserve-paris\/\"]}]},{\"@type\":\"ImageObject\",\"inLanguage\":\"en-US\",\"@id\":\"https:\/\/www.withladyjoe.com\/2020\/01\/24\/jerome-banctel-au-gabriel-a-la-reserve-paris\/#primaryimage\",\"url\":\"https:\/\/www.withladyjoe.com\/wp-content\/uploads\/2020\/01\/J\u00e9r\u00f4me-Banctel-La-R\u00e9serve-Paris-Le-Gabriel-scaled.jpg\",\"contentUrl\":\"https:\/\/www.withladyjoe.com\/wp-content\/uploads\/2020\/01\/J\u00e9r\u00f4me-Banctel-La-R\u00e9serve-Paris-Le-Gabriel-scaled.jpg\",\"width\":1709,\"height\":2560},{\"@type\":\"BreadcrumbList\",\"@id\":\"https:\/\/www.withladyjoe.com\/2020\/01\/24\/jerome-banctel-au-gabriel-a-la-reserve-paris\/#breadcrumb\",\"itemListElement\":[{\"@type\":\"ListItem\",\"position\":1,\"name\":\"Accueil\",\"item\":\"https:\/\/www.withladyjoe.com\/\"},{\"@type\":\"ListItem\",\"position\":2,\"name\":\"J\u00e9r\u00f4me Banctel au Gabriel, \u00e0 La R\u00e9serve Paris\"}]},{\"@type\":\"WebSite\",\"@id\":\"https:\/\/www.withladyjoe.com\/#website\",\"url\":\"https:\/\/www.withladyjoe.com\/\",\"name\":\"With Ladyjoe\",\"description\":\"Gastronomy & Lifestyle\",\"potentialAction\":[{\"@type\":\"SearchAction\",\"target\":{\"@type\":\"EntryPoint\",\"urlTemplate\":\"https:\/\/www.withladyjoe.com\/?s={search_term_string}\"},\"query-input\":\"required name=search_term_string\"}],\"inLanguage\":\"en-US\"},{\"@type\":\"Person\",\"@id\":\"https:\/\/www.withladyjoe.com\/#\/schema\/person\/91a8a9855824c79d676eb97711a4d0fc\",\"name\":\"Ladyjoe\",\"image\":{\"@type\":\"ImageObject\",\"inLanguage\":\"en-US\",\"@id\":\"https:\/\/www.withladyjoe.com\/#\/schema\/person\/image\/\",\"url\":\"https:\/\/secure.gravatar.com\/avatar\/c6349e55fa6ed0d7532a6f06a6b34741?s=96&d=mm&r=g\",\"contentUrl\":\"https:\/\/secure.gravatar.com\/avatar\/c6349e55fa6ed0d7532a6f06a6b34741?s=96&d=mm&r=g\",\"caption\":\"Ladyjoe\"},\"url\":\"https:\/\/www.withladyjoe.com\/en\/author\/jawane92\/\"}]}<\/script>\n<!-- \/ Yoast SEO plugin. -->","yoast_head_json":{"title":"J\u00e9r\u00f4me Banctel at Le Gabriel, at La R\u00e9serve Paris - With Ladyjoe","description":"J'ai eu la chance de rencontrer le chef J\u00e9r\u00f4me Banctel \u00e0 La R\u00e9serve Paris pour une d\u00e9gustation cette fois-ci v\u00e9g\u00e9tarienne dans son restaurant Le Gabriel.","robots":{"index":"index","follow":"follow","max-snippet":"max-snippet:-1","max-image-preview":"max-image-preview:large","max-video-preview":"max-video-preview:-1"},"canonical":"https:\/\/www.withladyjoe.com\/2020\/01\/24\/jerome-banctel-au-gabriel-a-la-reserve-paris\/","og_locale":"en_US","og_type":"article","og_title":"[:en]J\u00e9r\u00f4me Banctel at Le Gabriel, at La R\u00e9serve Paris[:fr]J\u00e9r\u00f4me Banctel au Gabriel, \u00e0 La R\u00e9serve Paris[:] - With Ladyjoe","og_description":"J'ai eu la chance de rencontrer le chef J\u00e9r\u00f4me Banctel \u00e0 La R\u00e9serve Paris pour une d\u00e9gustation cette fois-ci v\u00e9g\u00e9tarienne dans son restaurant Le Gabriel.","og_url":"https:\/\/www.withladyjoe.com\/2020\/01\/24\/jerome-banctel-au-gabriel-a-la-reserve-paris\/","og_site_name":"With Ladyjoe","article_published_time":"2020-01-24T15:19:36+00:00","article_modified_time":"2023-02-22T12:20:56+00:00","og_image":[{"width":1709,"height":2560,"url":"https:\/\/www.withladyjoe.com\/wp-content\/uploads\/2020\/01\/J\u00e9r\u00f4me-Banctel-La-R\u00e9serve-Paris-Le-Gabriel-scaled.jpg","type":"image\/jpeg"}],"author":"Ladyjoe","twitter_card":"summary_large_image","twitter_misc":{"Written by":"Ladyjoe","Est. reading time":"1 minute"},"schema":{"@context":"https:\/\/schema.org","@graph":[{"@type":"WebPage","@id":"https:\/\/www.withladyjoe.com\/2020\/01\/24\/jerome-banctel-au-gabriel-a-la-reserve-paris\/","url":"https:\/\/www.withladyjoe.com\/2020\/01\/24\/jerome-banctel-au-gabriel-a-la-reserve-paris\/","name":"[:en]J\u00e9r\u00f4me Banctel at Le Gabriel, at La R\u00e9serve Paris[:fr]J\u00e9r\u00f4me Banctel au Gabriel, \u00e0 La R\u00e9serve Paris[:] - With Ladyjoe","isPartOf":{"@id":"https:\/\/www.withladyjoe.com\/#website"},"primaryImageOfPage":{"@id":"https:\/\/www.withladyjoe.com\/2020\/01\/24\/jerome-banctel-au-gabriel-a-la-reserve-paris\/#primaryimage"},"image":{"@id":"https:\/\/www.withladyjoe.com\/2020\/01\/24\/jerome-banctel-au-gabriel-a-la-reserve-paris\/#primaryimage"},"thumbnailUrl":"https:\/\/www.withladyjoe.com\/wp-content\/uploads\/2020\/01\/J\u00e9r\u00f4me-Banctel-La-R\u00e9serve-Paris-Le-Gabriel-scaled.jpg","datePublished":"2020-01-24T15:19:36+00:00","dateModified":"2023-02-22T12:20:56+00:00","author":{"@id":"https:\/\/www.withladyjoe.com\/#\/schema\/person\/91a8a9855824c79d676eb97711a4d0fc"},"description":"J'ai eu la chance de rencontrer le chef J\u00e9r\u00f4me Banctel \u00e0 La R\u00e9serve Paris pour une d\u00e9gustation cette fois-ci v\u00e9g\u00e9tarienne dans son restaurant Le Gabriel.","breadcrumb":{"@id":"https:\/\/www.withladyjoe.com\/2020\/01\/24\/jerome-banctel-au-gabriel-a-la-reserve-paris\/#breadcrumb"},"inLanguage":"en-US","potentialAction":[{"@type":"ReadAction","target":["https:\/\/www.withladyjoe.com\/2020\/01\/24\/jerome-banctel-au-gabriel-a-la-reserve-paris\/"]}]},{"@type":"ImageObject","inLanguage":"en-US","@id":"https:\/\/www.withladyjoe.com\/2020\/01\/24\/jerome-banctel-au-gabriel-a-la-reserve-paris\/#primaryimage","url":"https:\/\/www.withladyjoe.com\/wp-content\/uploads\/2020\/01\/J\u00e9r\u00f4me-Banctel-La-R\u00e9serve-Paris-Le-Gabriel-scaled.jpg","contentUrl":"https:\/\/www.withladyjoe.com\/wp-content\/uploads\/2020\/01\/J\u00e9r\u00f4me-Banctel-La-R\u00e9serve-Paris-Le-Gabriel-scaled.jpg","width":1709,"height":2560},{"@type":"BreadcrumbList","@id":"https:\/\/www.withladyjoe.com\/2020\/01\/24\/jerome-banctel-au-gabriel-a-la-reserve-paris\/#breadcrumb","itemListElement":[{"@type":"ListItem","position":1,"name":"Accueil","item":"https:\/\/www.withladyjoe.com\/"},{"@type":"ListItem","position":2,"name":"J\u00e9r\u00f4me Banctel au Gabriel, \u00e0 La R\u00e9serve Paris"}]},{"@type":"WebSite","@id":"https:\/\/www.withladyjoe.com\/#website","url":"https:\/\/www.withladyjoe.com\/","name":"With Ladyjoe","description":"Gastronomy & Lifestyle","potentialAction":[{"@type":"SearchAction","target":{"@type":"EntryPoint","urlTemplate":"https:\/\/www.withladyjoe.com\/?s={search_term_string}"},"query-input":"required name=search_term_string"}],"inLanguage":"en-US"},{"@type":"Person","@id":"https:\/\/www.withladyjoe.com\/#\/schema\/person\/91a8a9855824c79d676eb97711a4d0fc","name":"Ladyjoe","image":{"@type":"ImageObject","inLanguage":"en-US","@id":"https:\/\/www.withladyjoe.com\/#\/schema\/person\/image\/","url":"https:\/\/secure.gravatar.com\/avatar\/c6349e55fa6ed0d7532a6f06a6b34741?s=96&d=mm&r=g","contentUrl":"https:\/\/secure.gravatar.com\/avatar\/c6349e55fa6ed0d7532a6f06a6b34741?s=96&d=mm&r=g","caption":"Ladyjoe"},"url":"https:\/\/www.withladyjoe.com\/en\/author\/jawane92\/"}]}},"views":6693,"_links":{"self":[{"href":"https:\/\/www.withladyjoe.com\/en\/wp-json\/wp\/v2\/posts\/7240"}],"collection":[{"href":"https:\/\/www.withladyjoe.com\/en\/wp-json\/wp\/v2\/posts"}],"about":[{"href":"https:\/\/www.withladyjoe.com\/en\/wp-json\/wp\/v2\/types\/post"}],"author":[{"embeddable":true,"href":"https:\/\/www.withladyjoe.com\/en\/wp-json\/wp\/v2\/users\/1"}],"replies":[{"embeddable":true,"href":"https:\/\/www.withladyjoe.com\/en\/wp-json\/wp\/v2\/comments?post=7240"}],"version-history":[{"count":6,"href":"https:\/\/www.withladyjoe.com\/en\/wp-json\/wp\/v2\/posts\/7240\/revisions"}],"predecessor-version":[{"id":14534,"href":"https:\/\/www.withladyjoe.com\/en\/wp-json\/wp\/v2\/posts\/7240\/revisions\/14534"}],"wp:featuredmedia":[{"embeddable":true,"href":"https:\/\/www.withladyjoe.com\/en\/wp-json\/wp\/v2\/media\/7239"}],"wp:attachment":[{"href":"https:\/\/www.withladyjoe.com\/en\/wp-json\/wp\/v2\/media?parent=7240"}],"wp:term":[{"taxonomy":"category","embeddable":true,"href":"https:\/\/www.withladyjoe.com\/en\/wp-json\/wp\/v2\/categories?post=7240"},{"taxonomy":"post_tag","embeddable":true,"href":"https:\/\/www.withladyjoe.com\/en\/wp-json\/wp\/v2\/tags?post=7240"}],"curies":[{"name":"wp","href":"https:\/\/api.w.org\/{rel}","templated":true}]}}